{"id":163,"date":"2026-08-02T00:05:00","date_gmt":"2026-08-01T22:05:00","guid":{"rendered":"https:\/\/www.evidentia.es\/blog\/?p=163"},"modified":"2026-07-27T10:31:49","modified_gmt":"2026-07-27T08:31:49","slug":"s4e7-periciales-de-audio-digital-graudio-forensics","status":"publish","type":"post","link":"https:\/\/www.evidentia.es\/blog\/2026\/08\/02\/s4e7-periciales-de-audio-digital-graudio-forensics\/","title":{"rendered":"S4E7 Periciales de audio digital, Graudio Forensics"},"content":{"rendered":"\n<p class=\"wp-block-paragraph\">Como cada d\u00eda 2, publicamos un nuevo episodio de nuestro podcast;  peritaje inform\u00e1tico, inform\u00e1tica forense, prueba digital y derecho de nuevas tecnolog\u00edas en un tono distendido. \u00a1Esc\u00fachanos!<\/p>\n\n\n\n<!--more-->\n\n\n\n<div id=\"buzzsprout-player-19554671\"><\/div><script src=\"https:\/\/www.buzzsprout.com\/1894171\/episodes\/19554671-periciales-de-audio-digital-graudio-forensics.js?container_id=buzzsprout-player-19554671&#038;player=small\" type=\"text\/javascript\" charset=\"utf-8\"><\/script>\n\n\n\n<p class=\"wp-block-paragraph\">Volvemos al formato de entrevista con un invitado muy especial, Miguel \u00c1ngel de la Torre, socio fundador de Graudio Forensics (<a href=\"https:\/\/graudioforensics.es\/\" target=\"_blank\" rel=\"noreferrer noopener\">https:\/\/graudioforensics.es\/<\/a>) y ac\u00fastico forense, o forense de audio, que nos explicar\u00e1 cu\u00e1l es el estado del arte de esta tecnolog\u00eda y de los resultados pr\u00e1cticos reales que se pueden conseguir, como detecci\u00f3n de cambio de c\u00f3decs, aislamiento, limpieza e identificaci\u00f3n de sonidos, detecci\u00f3n de manipulaciones y cortes no evidentes, clonaci\u00f3n de voces y deepfakes con IA, entre otros.\u00a0 Hablaremos de c\u00f3mo hemos utilizado este tipo de periciales conjuntamente con periciales inform\u00e1ticas, y de casos reales que hemos tenido.<\/p>\n\n\n\n<p class=\"wp-block-paragraph\">Escr\u00edbenos a <a rel=\"noreferrer noopener\" href=\"mailto:podcast@evidentia.es\" target=\"_blank\">podcast@evidentia.es<\/a> con vuestras opiniones, correcciones o sugerencias.<\/p>\n\n\n\n<p class=\"wp-block-paragraph\">El podcast tambi\u00e9n est\u00e1 disponible en Spotify, Apple Podcasts, Youtube Music y otras plataformas de podcasting.<\/p>\n\n\n\n<p class=\"wp-block-paragraph\"><\/p>\n","protected":false},"excerpt":{"rendered":"<p>Como cada d\u00eda 2, publicamos un nuevo episodio de nuestro podcast; peritaje inform\u00e1tico, inform\u00e1tica forense, prueba digital y derecho de nuevas tecnolog\u00edas en un tono distendido. \u00a1Esc\u00fachanos!<\/p>\n","protected":false},"author":2,"featured_media":50,"comment_status":"closed","ping_status":"open","sticky":false,"template":"","format":"standard","meta":{"nf_dc_page":"","om_disable_all_campaigns":false,"pagelayer_contact_templates":[],"_pagelayer_content":"","_jetpack_newsletter_access":"","_jetpack_dont_email_post_to_subs":false,"_jetpack_newsletter_tier_id":0,"_jetpack_memberships_contains_paywalled_content":false,"_jetpack_feature_clip_id":0,"_jetpack_memberships_contains_paid_content":false,"footnotes":"","jetpack_post_was_ever_published":false},"categories":[44,4,7],"tags":[21,8],"class_list":["post-163","post","type-post","status-publish","format-standard","has-post-thumbnail","hentry","category-entrevista","category-informatica-forense","category-prueba-digital","tag-inteligencia-artificial","tag-peritaje-informatico"],"jetpack_sharing_enabled":true,"jetpack_featured_media_url":"https:\/\/i0.wp.com\/www.evidentia.es\/blog\/wp-content\/uploads\/2021\/12\/portada-podcast-cabecera-1000x500-1.png?fit=1000%2C514&ssl=1","_links":{"self":[{"href":"https:\/\/www.evidentia.es\/blog\/wp-json\/wp\/v2\/posts\/163","targetHints":{"allow":["GET"]}}],"collection":[{"href":"https:\/\/www.evidentia.es\/blog\/wp-json\/wp\/v2\/posts"}],"about":[{"href":"https:\/\/www.evidentia.es\/blog\/wp-json\/wp\/v2\/types\/post"}],"author":[{"embeddable":true,"href":"https:\/\/www.evidentia.es\/blog\/wp-json\/wp\/v2\/users\/2"}],"replies":[{"embeddable":true,"href":"https:\/\/www.evidentia.es\/blog\/wp-json\/wp\/v2\/comments?post=163"}],"version-history":[{"count":1,"href":"https:\/\/www.evidentia.es\/blog\/wp-json\/wp\/v2\/posts\/163\/revisions"}],"predecessor-version":[{"id":164,"href":"https:\/\/www.evidentia.es\/blog\/wp-json\/wp\/v2\/posts\/163\/revisions\/164"}],"wp:featuredmedia":[{"embeddable":true,"href":"https:\/\/www.evidentia.es\/blog\/wp-json\/wp\/v2\/media\/50"}],"wp:attachment":[{"href":"https:\/\/www.evidentia.es\/blog\/wp-json\/wp\/v2\/media?parent=163"}],"wp:term":[{"taxonomy":"category","embeddable":true,"href":"https:\/\/www.evidentia.es\/blog\/wp-json\/wp\/v2\/categories?post=163"},{"taxonomy":"post_tag","embeddable":true,"href":"https:\/\/www.evidentia.es\/blog\/wp-json\/wp\/v2\/tags?post=163"}],"curies":[{"name":"wp","href":"https:\/\/api.w.org\/{rel}","templated":true}]}}